{"id":955,"date":"2024-03-31T19:27:41","date_gmt":"2024-03-31T17:27:41","guid":{"rendered":"https:\/\/izanauzokrazia.eus\/?p=955"},"modified":"2024-03-31T23:18:01","modified_gmt":"2024-03-31T21:18:01","slug":"21-2","status":"publish","type":"post","link":"https:\/\/izanauzokrazia.eus\/es\/21-2\/","title":{"rendered":"&#8220;Pro libertate patria, gens libera state&#8221;"},"content":{"rendered":"<p>Izan- Auzokracia, plataforma qu\u00e9 concurre a las elecciones del Parlamento Vasco, celebr\u00f3 en Bidania-Gipuzkoa, el Aberri Eguna. La elecci\u00f3n de Bidania responde al hecho, desconocido por gran parte de vascos, de ser aqu\u00ed (en el caser\u00edo Usarraga), el primer lugar en el qu\u00e9, hace siglos, se reunieron las primeras Juntas de Guip\u00fazcoa.<\/p>\n\n\n\n<p>Con el lema: **Estad preparados, gente libre, a favor de la libertad de la patria**, aspiraci\u00f3n de los infantones navarros de Obanos del siglo XIII-XIV, qu\u00e9 elegidos auzokraticamente fueron perseguidos y muchos aniquilados por luchar contra los desmanes de los nobles, nos reunimos aqu\u00ed, ocho siglos despu\u00e9s, para denunciar las tropel\u00edas y desmanes de los pol\u00edticos aut\u00f3ctonos, altos funcionarios europeos, y corporaciones internacionales que imponen a los pueblos un horizonte  de pobreza y sumisi\u00f3n, un globalismos uniformizador y un aniquilamiento cultural.<\/p>\n\n\n\n<p>Desde nuestra convicci\u00f3n de qu\u00e9, s\u00f3lo desde la Auzokrazia de los pueblos y el trabajo de lo comunal en los bazarres, podremos revertir \u00e9sta situaci\u00f3n, a favor de la libertad y el derecho de todos los pueblos.<\/p>\n\n\n\n<figure class=\"wp-block-image size-large is-resized\"><img loading=\"lazy\" decoding=\"async\" width=\"723\" height=\"1024\" src=\"https:\/\/izanauzokrazia.eus\/wp-content\/uploads\/2024\/03\/1-Aberri-Eguna-kartela-723x1024.jpg\" alt=\"\" class=\"wp-image-970\" style=\"width:416px;height:auto\" srcset=\"https:\/\/izanauzokrazia.eus\/wp-content\/uploads\/2024\/03\/1-Aberri-Eguna-kartela-723x1024.jpg 723w, https:\/\/izanauzokrazia.eus\/wp-content\/uploads\/2024\/03\/1-Aberri-Eguna-kartela-212x300.jpg 212w, https:\/\/izanauzokrazia.eus\/wp-content\/uploads\/2024\/03\/1-Aberri-Eguna-kartela-768x1087.jpg 768w, https:\/\/izanauzokrazia.eus\/wp-content\/uploads\/2024\/03\/1-Aberri-Eguna-kartela-8x12.jpg 8w, https:\/\/izanauzokrazia.eus\/wp-content\/uploads\/2024\/03\/1-Aberri-Eguna-kartela.jpg 904w\" sizes=\"auto, (max-width: 723px) 100vw, 723px\" \/><\/figure>\n\n\n\n<p><strong>&#8220;Pro libertate patria, gens libera state&#8221;<\/strong><\/p>\n\n\n\n<p><strong>\"Estad preparados, gente libre, a favor de la libertad de la patria\"<\/strong><\/p>\n\n\n\n<p>Este era el lema de los infanzones de Obanos. La Junta de Infanzones fue una instituci\u00f3n independiente del siglo XIII y XIV, elegida auzocr\u00e1ticamente y que representaba a las distintas comarcas del Reino de Nabarra. Su objetivo fue el de defender a sus gentes de los desmanes, abusos y tropel\u00edas de la nobleza y de sus reyes. Por defender los derechos y libertades de los pueblos que representaban fueron hostigados, perseguidos y, en algunos casos, ajusticiados, ya que tildaban a la Junta de ser subversiva y de actuar de manera clandestina contra ellos.<\/p>\n\n\n\n<p>Ocho siglos despu\u00e9s, los abusos, los desmanes y las tropel\u00edas contin\u00faan, ahora de mano de pol\u00edticos aut\u00f3ctonos, altos funcionarios europeos y corporaciones supranacionales que imponen a los pueblos un horizonte (destino) de pobreza y de sumisi\u00f3n, de globalismo uniformizador y aniquilamiento cultural.<\/p>\n\n\n\n<p>Aquellos verdugos de entonces como los verdugos de ahora se han valido y se valen del miedo para \u201cdomesticar\u201d la naturaleza libre y fuerte de las personas. Mediante sus \u201cingenier\u00edas sociales\u201d nos quieren infantilizar, confundir, parasitar y asustar para que sin v\u00ednculos significativos, sin ra\u00edces, sin valores, sin fuerza ni arrojo nos puedan someter a su siniestra voluntad<\/p>\n\n\n\n<p>Hoy nos hemos reunido entre los montes Ernio, Urkobieta e Ilaun en el caser\u00edo Usarraga Zaharra de Bidania, donde desde 1457 hasta 1700 se reun\u00edan las Juntas Generales de Gipuzkoa. Venidos de diferentes puntos de nuestra geograf\u00eda, las gentes \u201clibres\u201d del Pa\u00eds debat\u00edan, decid\u00edan y cumpl\u00edan con su palabra. Entre otros acuerdos, aqu\u00ed se firm\u00f3, el 20 de octubre de 1481, el acuerdo de amistad entre Gipuzkoa e Inglaterra, que puso fin a las rivalidades y hostilidades mar\u00edtimas.<\/p>\n\n\n\n<p>La instituci\u00f3n de Obanos y el batzarre de Usarraga son para nosotros una fuente de inspiraci\u00f3n. En este lugar confluyen pasado y presente, en esta naturaleza recibimos el aliento de los antepasados, su fuerza y su verdad. Somos con los dem\u00e1s, somos con el paisaje, somos dentro de una cultura, por eso llevamos el nombre de Izan. Somos comunidad y como tal queremos decidir. El batzarre es nuestra democracia directa.<\/p>\n\n\n\n<p>La celebraci\u00f3n del Aberri Eguna en Usarraga es una declaraci\u00f3n de intenciones. El globalismo y la Agenda de la pobreza quieren nuestra ruina econ\u00f3mica, social y cultural. Sus imposiciones destruyen nuestra comunidad, nos someten y arrebatan la libertad. Los aqu\u00ed reunidos expresamos la voluntad de querer mantener nuestros v\u00ednculos y lazos de uni\u00f3n, alejarnos de las ideolog\u00edas que tanta divisi\u00f3n han causado, y defender una manera compartida de hacer pol\u00edtica que busque el verdadero bien com\u00fan. Nos declaramos insumisos a toda dictadura, local o global, y llamamos a los desafectos a la insurrecci\u00f3n civil. Recuperemos el lema de los infanzones de Obanos: \"Pro libertate patria, gens libera state\" \"Estad preparados, gente libre, a favor de la libertad de la naci\u00f3n\"<\/p>\n\n\n\n<p>Recuperemos el lema de los infanzones de Obanos: \"Pro libertate patria, gens libera state\" \"Estad preparados, gente libre, a favor de la libertad de la naci\u00f3n\". Pararemos el globalismo y la Agenda de la pobreza.<\/p>\n\n\n\n<figure class=\"wp-block-image size-full is-resized\"><img loading=\"lazy\" decoding=\"async\" width=\"337\" height=\"221\" src=\"https:\/\/izanauzokrazia.eus\/wp-content\/uploads\/2023\/12\/Izan-Auzokrazia-txikia-1.jpg\" alt=\"\" class=\"wp-image-334\" style=\"width:116px;height:auto\" srcset=\"https:\/\/izanauzokrazia.eus\/wp-content\/uploads\/2023\/12\/Izan-Auzokrazia-txikia-1.jpg 337w, https:\/\/izanauzokrazia.eus\/wp-content\/uploads\/2023\/12\/Izan-Auzokrazia-txikia-1-300x197.jpg 300w, https:\/\/izanauzokrazia.eus\/wp-content\/uploads\/2023\/12\/Izan-Auzokrazia-txikia-1-18x12.jpg 18w\" sizes=\"auto, (max-width: 337px) 100vw, 337px\" \/><\/figure>\n\n\n\n<p>Gure &nbsp;amaren etxea<br>la casa de nuestra madre<br>contra los lobos,<br>contra el globalismo<br>contra la OMS,<br>contra la OTAN,<br>contra las \u00e9lites,<br>contra el control,<br>defenderemos<br>la casa de nuestra madre.<\/p>\n\n\n\n<p>Nos quitar\u00e1n<br>la libertad<br>el dinero f\u00edsico,<br>la soberan\u00eda alimentaria,<br>la salud,<br>y sacaremos fuerzas<br>y defenderemos la casa de nuestra madre.<\/p>\n\n\n\n<p>Nos moriremos<br>y otros nos suceder\u00e1n<br>pero la casa de nuestra madre seguir\u00e1 en pie.<\/p>\n\n\n\n<p><strong>PAREMOS EL GLOBALISMO Y LA AGENDA 2030 PARA ASEGURAR EL FUTURO<\/strong><\/p>\n\n\n\n<p><strong>GORA IZAN AUZOKRAZIA<\/strong><\/p>\n\n\n\n<p><\/p>","protected":false},"excerpt":{"rendered":"<p>Izan-Auzokraziak, Eusko Legebiltzarreko hauteskundeetan parte hartzen duen plataformak, Aberri Eguna ospatu du Bidanian, Gipuzkoan. Nahiz eta herritar askok ez ezagutu, Bidaniako Usarraga baserrian Gipuzkoako lehen&hellip;<\/p>","protected":false},"author":2,"featured_media":957,"comment_status":"closed","ping_status":"open","sticky":false,"template":"","format":"standard","meta":{"footnotes":""},"categories":[1],"tags":[],"class_list":["post-955","post","type-post","status-publish","format-standard","has-post-thumbnail","hentry","category-izan-auzokrazia"],"_links":{"self":[{"href":"https:\/\/izanauzokrazia.eus\/es\/wp-json\/wp\/v2\/posts\/955","targetHints":{"allow":["GET"]}}],"collection":[{"href":"https:\/\/izanauzokrazia.eus\/es\/wp-json\/wp\/v2\/posts"}],"about":[{"href":"https:\/\/izanauzokrazia.eus\/es\/wp-json\/wp\/v2\/types\/post"}],"author":[{"embeddable":true,"href":"https:\/\/izanauzokrazia.eus\/es\/wp-json\/wp\/v2\/users\/2"}],"replies":[{"embeddable":true,"href":"https:\/\/izanauzokrazia.eus\/es\/wp-json\/wp\/v2\/comments?post=955"}],"version-history":[{"count":6,"href":"https:\/\/izanauzokrazia.eus\/es\/wp-json\/wp\/v2\/posts\/955\/revisions"}],"predecessor-version":[{"id":971,"href":"https:\/\/izanauzokrazia.eus\/es\/wp-json\/wp\/v2\/posts\/955\/revisions\/971"}],"wp:featuredmedia":[{"embeddable":true,"href":"https:\/\/izanauzokrazia.eus\/es\/wp-json\/wp\/v2\/media\/957"}],"wp:attachment":[{"href":"https:\/\/izanauzokrazia.eus\/es\/wp-json\/wp\/v2\/media?parent=955"}],"wp:term":[{"taxonomy":"category","embeddable":true,"href":"https:\/\/izanauzokrazia.eus\/es\/wp-json\/wp\/v2\/categories?post=955"},{"taxonomy":"post_tag","embeddable":true,"href":"https:\/\/izanauzokrazia.eus\/es\/wp-json\/wp\/v2\/tags?post=955"}],"curies":[{"name":"wp","href":"https:\/\/api.w.org\/{rel}","templated":true}]}}