{"id":416,"date":"2023-05-18T23:08:00","date_gmt":"2023-05-18T21:08:00","guid":{"rendered":"https:\/\/izanauzokrazia.eus\/?p=416"},"modified":"2024-03-20T07:56:37","modified_gmt":"2024-03-20T06:56:37","slug":"ap-8-peajerik-ez-ekimeneko-juan-carlos-poderoso-durangarra-stop-auzokraziarekin-aurkeztuko-da-maiatzaren-28ko-batzar-nagusietarako-hauteskundeetan","status":"publish","type":"post","link":"https:\/\/izanauzokrazia.eus\/es\/ap-8-peajerik-ez-ekimeneko-juan-carlos-poderoso-durangarra-stop-auzokraziarekin-aurkeztuko-da-maiatzaren-28ko-batzar-nagusietarako-hauteskundeetan\/","title":{"rendered":"El durangarra Juan Carlos Poderoso de AP-8 Peajerik ez se presenta con Stop + Auzokrazia en las elecciones a Juntas el 28 de mayo"},"content":{"rendered":"<p>A cobijo del paraguas del partido Stop + Auzokrazia +, la plataforma <strong>AP-8 Peajerik Ez<\/strong> ha dado finalmente el paso para presentarse a las elecciones de las Juntas Generales de Bizkaia y Gipuzkoa. Dos miembros de la plataforma est\u00e1n ya oficialmente en listas, entre ellos su portavoz, el durangarra Juan Carlos Poderoso, que se encuentra en el n\u00famero dos de la plancha de Auzokrazia + Stop:<\/p>\n\n\n\n<p>\u00abEllos y nosotros pretendemos cambiar las cosas desde abajo, con la gente del pueblo, sin acoplarnos a los intereses de los de arriba, incluidas las grandes corporaciones, que realmente manejan la pol\u00edtica para unos pocos, en claro perjuicio de muchos\u00bb, se\u00f1alan.<\/p>\n\n\n\n<p>\u00abAmbas organizaciones populares queremos afrontar los problemas reales que afectan, a las personas. Seremos transmisores de lo que los vizcainos, desde su baserri, barrio, pueblo, ciudad, colectivo social, f\u00e1brica, etc. por medio de sus batzarres, quieran que defendamos en las Juntas Generales, d\u00f3nde se vienen cocinando, demasiadas cosas importantes, de espaldas a la ciudadan\u00eda\u00bb, <\/p>\n\n\n\n<p><strong>AP-8 Peajerik Ez<\/strong> Ez admiten que este paso no ha supuesto un gran debate en su organizaci\u00f3n, pues los dos grupos trabajan de forma parecida.<\/p>\n\n\n\n<p>2023.05.05. stop.komunitatea@gmail.com<\/p>","protected":false},"excerpt":{"rendered":"<p>Stop + Auzokrazia + alderdiaren babespean, AP-8 Peajerik Ez plataformak Bizkaiko eta Gipuzkoako Batzar Nagusietako hauteskundeetara aurkezteko urratsa eman du. Plataformako bi kide ofizialki zerrendatan&hellip;<\/p>","protected":false},"author":2,"featured_media":399,"comment_status":"open","ping_status":"open","sticky":false,"template":"","format":"standard","meta":{"footnotes":""},"categories":[3],"tags":[],"class_list":["post-416","post","type-post","status-publish","format-standard","has-post-thumbnail","hentry","category-albisteak"],"_links":{"self":[{"href":"https:\/\/izanauzokrazia.eus\/es\/wp-json\/wp\/v2\/posts\/416","targetHints":{"allow":["GET"]}}],"collection":[{"href":"https:\/\/izanauzokrazia.eus\/es\/wp-json\/wp\/v2\/posts"}],"about":[{"href":"https:\/\/izanauzokrazia.eus\/es\/wp-json\/wp\/v2\/types\/post"}],"author":[{"embeddable":true,"href":"https:\/\/izanauzokrazia.eus\/es\/wp-json\/wp\/v2\/users\/2"}],"replies":[{"embeddable":true,"href":"https:\/\/izanauzokrazia.eus\/es\/wp-json\/wp\/v2\/comments?post=416"}],"version-history":[{"count":2,"href":"https:\/\/izanauzokrazia.eus\/es\/wp-json\/wp\/v2\/posts\/416\/revisions"}],"predecessor-version":[{"id":418,"href":"https:\/\/izanauzokrazia.eus\/es\/wp-json\/wp\/v2\/posts\/416\/revisions\/418"}],"wp:featuredmedia":[{"embeddable":true,"href":"https:\/\/izanauzokrazia.eus\/es\/wp-json\/wp\/v2\/media\/399"}],"wp:attachment":[{"href":"https:\/\/izanauzokrazia.eus\/es\/wp-json\/wp\/v2\/media?parent=416"}],"wp:term":[{"taxonomy":"category","embeddable":true,"href":"https:\/\/izanauzokrazia.eus\/es\/wp-json\/wp\/v2\/categories?post=416"},{"taxonomy":"post_tag","embeddable":true,"href":"https:\/\/izanauzokrazia.eus\/es\/wp-json\/wp\/v2\/tags?post=416"}],"curies":[{"name":"wp","href":"https:\/\/api.w.org\/{rel}","templated":true}]}}