{"id":1209,"date":"2025-09-30T17:49:36","date_gmt":"2025-09-30T15:49:36","guid":{"rendered":"https:\/\/izanauzokrazia.eus\/?p=1209"},"modified":"2025-09-30T17:51:55","modified_gmt":"2025-09-30T15:51:55","slug":"goia","status":"publish","type":"post","link":"https:\/\/izanauzokrazia.eus\/es\/goia\/","title":{"rendered":"Eneko Goia dice que hemos decidido extinguirnos: \u00bfPara qui\u00e9n trabajan nuestros pol\u00edticos?"},"content":{"rendered":"<p>Las declaraciones del alcalde donostiarra Eneko Goia en torno a la inmigraci\u00f3n son \u201cfabulosas\u201d, son de \u201cf\u00e1bula\u201d, porque han conseguido unir en una misma idea, la ciudad, el cambio clim\u00e1tico y la demograf\u00eda. Todo un \u00e9xito. En sus propias palabras, Goia nos alerta de que el \u201cinvierno demogr\u00e1fico\u201d ha dejado ya de ser una \u201cprospecci\u00f3n te\u00f3rica\u201d para convertirse en una \u201crealidad palpable\u201d en nuestras calles, dando a entender con esta manera pedante y grandilocuente, que la demograf\u00eda de un pa\u00eds o de una comunidad es un fen\u00f3meno tan natural como puede ser una tormenta o el granizo que destruye los cultivos; da a entender que \u201cel invierno demogr\u00e1fico\u201d es un fen\u00f3meno contra el que los pol\u00edticos nada pueden hacer, m\u00e1s que irremediablemente aceptarlo.<\/p>\n\n\n\n<p>La inmigraci\u00f3n masiva que vivimos en Europa no es un fen\u00f3meno natural como el sirimiri. No. Es un objetivo geopol\u00edtico dise\u00f1ado por los poderes mundiales para Europa desde tiempos de la Guerra Fr\u00eda. Los informes de Henry Kissinger dejaban claro entonces cu\u00e1l deb\u00eda ser el futuro demogr\u00e1fico para Europa. Ese futuro es nuestro presente.<\/p>\n\n\n\n<p>Hoy, el Foro de Davos prev\u00e9 (provocar\u00e1) que para el a\u00f1o 2050 m\u00e1s de 150 millones de personas emigren a Europa y Estados Unidos, cifra que se eleva a mil millones en las d\u00e9cadas siguientes. La chapa de colorines que exhiben en la solapa nuestros pol\u00edticos es la de la Agenda 2030 que en once de sus diecisiete ejes cuentan con objetivos e indicadores para promover el tr\u00e1fico migratorio entre pa\u00edses.<\/p>\n\n\n\n<p>Adem\u00e1s, el tema de la baja natalidad era algo sabido tras el Boom de los nacimientos en los a\u00f1os 60, pero extra\u00f1amente aqu\u00ed no se adopt\u00f3 ninguna medida en estas d\u00e9cadas, a diferencia de otros pa\u00edses del entorno que s\u00ed lo hicieron. Por lo tanto, la inmigraci\u00f3n masiva no es un hecho natural, sino que es algo minuciosamente programado por entidades supranacionales, sin legitimidad democr\u00e1tica, con la complicidad, voluntaria o forzosa, no lo s\u00e9, de nuestros pol\u00edticos.<\/p>\n\n\n\n<p>Sin embargo, Goia quiere hacernos creer que los propios lugare\u00f1os hemos decidido \u201cextinguirnos\u201d porque s\u00ed, por mero capricho, y nos dice que esta descomposici\u00f3n es una verdadera \u201coportunidad\u201d, aunque no menciona para qu\u00e9 es una buena oportunidad, y repite, como no, la cantinela de que la diversidad nos enriquece, como si antes no fu\u00e9ramos ya un pueblo rico y plural. Palabras vac\u00edas en pol\u00edticos vac\u00edos.<\/p>\n\n\n\n<p>Goia es un buen ejemplo de desconexi\u00f3n entre las declaraciones oficiales y la realidad que cada uno puede percibir en nuestras calles. Donde ellos declaran ver oportunidades, diversidad, progreso social, solidaridades los dem\u00e1s vemos degradaci\u00f3n, servilismo, cobard\u00eda y extinci\u00f3n de este pueblo.<\/p>\n\n\n\n<p>Necesitamos pol\u00edticos hechos de una pieza, con valores e ideales que a\u00fanen la comunidad, le den un prop\u00f3sito y trabajen por sus gentes construyendo econ\u00f3mica, cultural, social y ling\u00fc\u00edsticamente nuestro\npueblo. La identidad no se negocia, tampoco la demograf\u00eda. El control demogr\u00e1fico es responsabilidad de toda comunidad humana, as\u00ed como la del pol\u00edtico es facilitar las condiciones para que el relevo generacional sea posible.<\/p>\n\n\n\n<p>Eso supone crear unas condiciones laborales y de vida en la que los j\u00f3venes no tengan que buscarse la vida fuera y sea deseable para los ciudadanos vivir en su propia tierra. En este momento crucial tenemos la obligaci\u00f3n de defendernos de los pol\u00edticos que predican la resignaci\u00f3n ante la desestructuraci\u00f3n y la aniquilaci\u00f3n de este pa\u00eds.<\/p>\n\n\n\n<p>Izan ginelako gara, garelako izango dira. Izan Auzokrazia<\/p>","protected":false},"excerpt":{"rendered":"<p>Eneko Goia Donostiako alkateak immigrazioaren inguruan egindako adierazpenak \u201czoragarriak\u201d dira,&nbsp; hiria, klima aldaketa eta demografia ideia bakarrean batzea lortu duelako. Sekulako arrakasta. Bere hitzetan, Goiak&hellip;<\/p>","protected":false},"author":2,"featured_media":1210,"comment_status":"closed","ping_status":"open","sticky":false,"template":"","format":"standard","meta":{"footnotes":""},"categories":[25],"tags":[27,26],"class_list":["post-1209","post","type-post","status-publish","format-standard","has-post-thumbnail","hentry","category-demografia-kultura","tag-desagertzea","tag-eneko-goia"],"_links":{"self":[{"href":"https:\/\/izanauzokrazia.eus\/es\/wp-json\/wp\/v2\/posts\/1209","targetHints":{"allow":["GET"]}}],"collection":[{"href":"https:\/\/izanauzokrazia.eus\/es\/wp-json\/wp\/v2\/posts"}],"about":[{"href":"https:\/\/izanauzokrazia.eus\/es\/wp-json\/wp\/v2\/types\/post"}],"author":[{"embeddable":true,"href":"https:\/\/izanauzokrazia.eus\/es\/wp-json\/wp\/v2\/users\/2"}],"replies":[{"embeddable":true,"href":"https:\/\/izanauzokrazia.eus\/es\/wp-json\/wp\/v2\/comments?post=1209"}],"version-history":[{"count":2,"href":"https:\/\/izanauzokrazia.eus\/es\/wp-json\/wp\/v2\/posts\/1209\/revisions"}],"predecessor-version":[{"id":1213,"href":"https:\/\/izanauzokrazia.eus\/es\/wp-json\/wp\/v2\/posts\/1209\/revisions\/1213"}],"wp:featuredmedia":[{"embeddable":true,"href":"https:\/\/izanauzokrazia.eus\/es\/wp-json\/wp\/v2\/media\/1210"}],"wp:attachment":[{"href":"https:\/\/izanauzokrazia.eus\/es\/wp-json\/wp\/v2\/media?parent=1209"}],"wp:term":[{"taxonomy":"category","embeddable":true,"href":"https:\/\/izanauzokrazia.eus\/es\/wp-json\/wp\/v2\/categories?post=1209"},{"taxonomy":"post_tag","embeddable":true,"href":"https:\/\/izanauzokrazia.eus\/es\/wp-json\/wp\/v2\/tags?post=1209"}],"curies":[{"name":"wp","href":"https:\/\/api.w.org\/{rel}","templated":true}]}}