{"id":1075,"date":"2024-07-01T15:12:31","date_gmt":"2024-07-01T13:12:31","guid":{"rendered":"https:\/\/izanauzokrazia.eus\/?p=1075"},"modified":"2024-07-01T17:37:36","modified_gmt":"2024-07-01T15:37:36","slug":"dfd","status":"publish","type":"post","link":"https:\/\/izanauzokrazia.eus\/es\/dfd\/","title":{"rendered":"Autocaravana para denunciar el fraude de las zonas de bajas emisiones el 20 de julio en Bilbao"},"content":{"rendered":"<p>Hoy Izan Auzokrazia ha hecho una invitaci\u00f3n p\u00fablica para participar en la Autocaravana del 20 de julio.<\/p>\n\n\n\n<p>El Ayuntamiento de Bilbao ha puesto en vigor el \u00e1rea de Bajas Emisiones el 17 de junio y a partir del 15 de septiembre comenzar\u00e1 a imponer multas de 200 euros.<\/p>\n\n\n\n<p>En septiembre el 14% de los veh\u00edculos no podr\u00e1n entrar y a partir de septiembre del 2015 el 50% no podr\u00e1 hacerlo. Y en a\u00f1os posteriores a\u00fan menos. Tenemos que parar ese ataque del Ayuntamiento de Bilbao contra la econom\u00eda y las libertades.<\/p>\n\n\n\n<p>El 20 de julio ven a las 18:00 al parking de la Bas\u00edlica de Bego\u00f1a y desde all\u00ed haremos una autocaravana por Bilbao para denunciar esta estafa.<\/p>\n\n\n\n<p>Hay m\u00e1s de 12 razones para explican que las zonas de bajas emisiones son un fraude y si quieres las tienes aqu\u00ed todas para poder debatir con los que est\u00e1n de acuerdo con el Ayuntamiento:<\/p>\n\n\n\n<ol class=\"wp-block-list\">\n<li><strong>La Uni\u00f3n Europea est\u00e1 aumentando las emisiones al estar quitando los aranceles a la comida de Africa, Am\u00e9rica y Asia. <\/strong>El plan para destruir a los agricultores y ganaderos europeos e ir contra el km0 est\u00e1 aumentando no solo las emisiones en gran medida, sino tambi\u00e9n alimentos con m\u00e1s pesticidas y m\u00e1s caros. Aqu\u00ed el  PNV cerr\u00f3 los mataderos de Bizkaia y Alava, atacando a los ganaderos y al final produciendo m\u00e1s emisiones al tener que traerl toda la carne de fuera.<\/li>\n\n\n\n<li><strong>La Uni\u00f3n Europea est\u00e1 aumentando las emisiones al no estar tomando medidas contra la obsolescencia. <\/strong>La vida \u00fatil de los productos es cada vez m\u00e1s corta y ello repercute en el aumento de las emisiones en la producci\u00f3n de productos que se desechan r\u00e1pidamente.<\/li>\n\n\n\n<li><strong>La  Uni\u00f3n Europea est\u00e1 aumentando las emisiones al solicitar cada vez m\u00e1s datos. <\/strong>Kontrol osoa nahi dutenez, eurodigitala, ticketbai,&nbsp; faktura digitala eta horren moduko neurriak ezartzen ari dira. Horiek kontsumo eta emisio gehiago ekartzen ari dira.<\/li>\n\n\n\n<li><strong>No se toman en cuenta las emisiones de la producci\u00f3n de los veh\u00edculos. <\/strong>La Uni\u00f3n Europea nos hace trampas: para hacer una bater\u00eda de un coche el\u00e9ctrico se necesitan excavar casi 300 toneladas de roca y tierras y la excavadora gigante que se necesita para ello consume 1.000 litros de diesel cada 12 horas. \u00bfPor qu\u00e9 no se toman en cuenta tambi\u00e9n todas esas emisiones?<\/li>\n\n\n\n<li><strong>No se toman en cuenta las emisiones de cada familia o persona. <\/strong>Si se utiliza un coche de 20 a\u00f1os una vez a la semana se emite menos emisiones que el que cambia el coche cada 5 a\u00f1os o el que utiliza un h\u00edbrido o el\u00e9ctrico todos los d\u00edas. \u00bfPor qu\u00e9 no se quiere tomar en cuenta esto?<\/li>\n\n\n\n<li><strong>No se hace en base a la contaminaci\u00f3n<\/strong>\u00bfAlgui\u00e9n cree que en todo Abando-Indautxu hay mas contaminaci\u00f3n que en el resto de los barrios y que por eso hay que prohibir ah\u00ed y no en el resto? Desde luego el Ayuntamiento no ha aportado datos suficientes.<\/li>\n\n\n\n<li><strong>Va a producir un aumento del tr\u00e1fico y la contaminaci\u00f3n en los barrios aleda\u00f1os. <\/strong>El ayuntamiento, en parte, va a cambiar el tr\u00e1fico de sitio, por lo que los objetivos que mencionan son falsos. De hecho en su informe no se valora el perjuicio que supondr\u00e1 el desplazamiento del tr\u00e1fico del centro a los barrios de alrededor.<\/li>\n\n\n\n<li><strong>Muchos veh\u00edculos obtienen la etiqueta \u201ceco\u201d haciendo trampas. <\/strong>Un Posche Cayenne, por ejemplo, tiene una bater\u00eda testimonial de solo 80 kms. de autonom\u00eda, pero consume y emite m\u00e1s emisiones que gran parte de los veh\u00edculos que no la tienen.<\/li>\n\n\n\n<li><strong>No hay universalidad en su aplicaci\u00f3n. <\/strong>Si hubiese demasiada contaminaci\u00f3n en un momento concreto por el tr\u00e1fico, se deber\u00edan cerrar  algunas zonas para todos los veh\u00edculos, no todo el centro para los que tienen menos recursos y para siempre.<\/li>\n\n\n\n<li><strong>Los informes t\u00e9cnicos en los que dice basarse las ZBE no tienen par\u00e1metros comparativos con otros a\u00f1os de mayor contaminaci\u00f3n. <\/strong>Por tanto es imposible hacer un an\u00e1lisis adecuado de dicho informe y por tanto no disponemos de datos cient\u00edficos comparativos para decir si la medida es adecuada o no o si es proporcional o no.<\/li>\n\n\n\n<li><strong>Perjuicios econ\u00f3micos a las capas menos pudientes. <\/strong>\u00bfQu\u00e9 hacemos con los transportistas o profesionales qu\u00e9 han de acudir al ZBE? \u00bfQu\u00e9 hacemos con las personas que no pueden comprar un coche nuevo y han pasado la ITV de forma correcta? \u00bfSe quiere obligar a muchos de ellos, en el l\u00edmite de sus posibilidades econ\u00f3micas, a renovar sus veh\u00edculos o simplemente se quiere quitarles el coche?<\/li>\n\n\n\n<li><strong>Acaba con el derecho a la libre circulaci\u00f3n, derecho fundamental recogido en el art. 19 de la Constituci\u00f3n. <\/strong>\u00bfUna ordenanza municipal acaso es superior a la norma ordenadora de todo el sistema jur\u00eddico?<\/li>\n<\/ol>\n\n\n\n<p>Viendo todas estas razones, las Zonas de Bajas Emisiones es, sin m\u00e1s, un plan para prohibir de forma progresiva los veh\u00edculos en las ciudades (el pr\u00f3ximo a\u00f1o a la mitad de ellos) y anular los derechos b\u00e1sicos como el de la movilidad, con la disculpa de las emisiones, mientras la Uni\u00f3n Europea est\u00e1 implementando pol\u00edticas que est\u00e1n produciendo  un aumento de las emisiones en el transporte de alimentos, de productos de consumo, etc. Es una aut\u00e9ntica farsa.<\/p>\n\n\n\n<p>En Bilbao a 1 de julio del 2024. Izan Auzokrazia.<\/p>\n\n\n\n<figure class=\"wp-block-image size-large\"><img loading=\"lazy\" decoding=\"async\" width=\"724\" height=\"1024\" src=\"https:\/\/izanauzokrazia.eus\/wp-content\/uploads\/2024\/07\/240720-Autokarabana-1-724x1024.jpg\" alt=\"\" class=\"wp-image-1077\" srcset=\"https:\/\/izanauzokrazia.eus\/wp-content\/uploads\/2024\/07\/240720-Autokarabana-1-724x1024.jpg 724w, https:\/\/izanauzokrazia.eus\/wp-content\/uploads\/2024\/07\/240720-Autokarabana-1-212x300.jpg 212w, https:\/\/izanauzokrazia.eus\/wp-content\/uploads\/2024\/07\/240720-Autokarabana-1-768x1086.jpg 768w, https:\/\/izanauzokrazia.eus\/wp-content\/uploads\/2024\/07\/240720-Autokarabana-1-8x12.jpg 8w, https:\/\/izanauzokrazia.eus\/wp-content\/uploads\/2024\/07\/240720-Autokarabana-1.jpg 905w\" sizes=\"auto, (max-width: 724px) 100vw, 724px\" \/><\/figure>","protected":false},"excerpt":{"rendered":"<p>Autokarabana<\/p>","protected":false},"author":2,"featured_media":1076,"comment_status":"open","ping_status":"open","sticky":false,"template":"","format":"standard","meta":{"footnotes":""},"categories":[3],"tags":[],"class_list":["post-1075","post","type-post","status-publish","format-standard","has-post-thumbnail","hentry","category-albisteak"],"_links":{"self":[{"href":"https:\/\/izanauzokrazia.eus\/es\/wp-json\/wp\/v2\/posts\/1075","targetHints":{"allow":["GET"]}}],"collection":[{"href":"https:\/\/izanauzokrazia.eus\/es\/wp-json\/wp\/v2\/posts"}],"about":[{"href":"https:\/\/izanauzokrazia.eus\/es\/wp-json\/wp\/v2\/types\/post"}],"author":[{"embeddable":true,"href":"https:\/\/izanauzokrazia.eus\/es\/wp-json\/wp\/v2\/users\/2"}],"replies":[{"embeddable":true,"href":"https:\/\/izanauzokrazia.eus\/es\/wp-json\/wp\/v2\/comments?post=1075"}],"version-history":[{"count":3,"href":"https:\/\/izanauzokrazia.eus\/es\/wp-json\/wp\/v2\/posts\/1075\/revisions"}],"predecessor-version":[{"id":1081,"href":"https:\/\/izanauzokrazia.eus\/es\/wp-json\/wp\/v2\/posts\/1075\/revisions\/1081"}],"wp:featuredmedia":[{"embeddable":true,"href":"https:\/\/izanauzokrazia.eus\/es\/wp-json\/wp\/v2\/media\/1076"}],"wp:attachment":[{"href":"https:\/\/izanauzokrazia.eus\/es\/wp-json\/wp\/v2\/media?parent=1075"}],"wp:term":[{"taxonomy":"category","embeddable":true,"href":"https:\/\/izanauzokrazia.eus\/es\/wp-json\/wp\/v2\/categories?post=1075"},{"taxonomy":"post_tag","embeddable":true,"href":"https:\/\/izanauzokrazia.eus\/es\/wp-json\/wp\/v2\/tags?post=1075"}],"curies":[{"name":"wp","href":"https:\/\/api.w.org\/{rel}","templated":true}]}}